{"id":5866,"date":"2023-01-12T13:22:26","date_gmt":"2023-01-12T12:22:26","guid":{"rendered":"https:\/\/www.osttirol-info.at\/?p=5866"},"modified":"2023-09-18T09:03:26","modified_gmt":"2023-09-18T07:03:26","slug":"cafe-baeckerei-gruber-2","status":"publish","type":"post","link":"https:\/\/www.osttirol-info.at\/de\/gipfel-der-genuesse\/cafe-baeckerei-gruber-2.html","title":{"rendered":"Caf\u00e9 B\u00e4ckerei Gruber"},"content":{"rendered":"<p>Neben der traditionsreichen B\u00e4ckerei und dem Gesch\u00e4ft in der Maximilianstra\u00dfe gibt es von Gruber nun auch ein Wohlf\u00fchlcaf\u00e9 im Herzen der Stadt. Modernes Flair mit edlem Lounge-Ambiente. Viel Licht, helle Farben und dazu der Duft nach r\u00f6stfrischem Kaffee, herrlichem Brot und Geb\u00e4ck. Neben k\u00f6stlichen Kuchen und kleinen Snacks wird der Gast auch jeden Morgen mit Fr\u00fchst\u00fccksbuffetinseln verw\u00f6hnt. Im Sommer lockt der gem\u00fctliche ruhige Gastgarten im Innenhof.<\/p>","protected":false},"excerpt":{"rendered":"<p>Neben der traditionsreichen B\u00e4ckerei und dem Gesch\u00e4ft in der Maximilianstra\u00dfe&hellip;<\/p>\n","protected":false},"author":2,"featured_media":5867,"comment_status":"closed","ping_status":"closed","sticky":false,"template":"","format":"standard","meta":{"_acf_changed":false,"footnotes":""},"categories":[3],"tags":[37],"class_list":["post-5866","post","type-post","status-publish","format-standard","has-post-thumbnail","hentry","category-gipfel-der-genuesse","tag-lienz","region-lienz","sonstiges-torten","sonstiges-gebaeck","sonstiges-kaffee"],"acf":[],"yoast_head":"<!-- This site is optimized with the Yoast SEO plugin v27.4 - https:\/\/yoast.com\/product\/yoast-seo-wordpress\/ -->\n<title>Caf\u00e9 B\u00e4ckerei Gruber - osttirol-info.at<\/title>\n<meta name=\"robots\" content=\"index, follow, max-snippet:-1, max-image-preview:large, max-video-preview:-1\" \/>\n<link rel=\"canonical\" href=\"https:\/\/www.osttirol-info.at\/de\/gipfel-der-genuesse\/cafe-baeckerei-gruber-2.html\" \/>\n<meta property=\"og:locale\" content=\"de_DE\" \/>\n<meta property=\"og:type\" content=\"article\" \/>\n<meta property=\"og:title\" content=\"Caf\u00e9 B\u00e4ckerei Gruber - osttirol-info.at\" \/>\n<meta property=\"og:description\" content=\"Neben der traditionsreichen B\u00e4ckerei und dem Gesch\u00e4ft in der Maximilianstra\u00dfe&hellip;\" \/>\n<meta property=\"og:url\" content=\"https:\/\/www.osttirol-info.at\/de\/gipfel-der-genuesse\/cafe-baeckerei-gruber-2.html\" \/>\n<meta property=\"og:site_name\" content=\"osttirol-info.at\" \/>\n<meta property=\"article:published_time\" content=\"2023-01-12T12:22:26+00:00\" \/>\n<meta property=\"article:modified_time\" content=\"2023-09-18T07:03:26+00:00\" \/>\n<meta property=\"og:image\" content=\"https:\/\/www.osttirol-info.at\/wp-content\/uploads\/baecker_gruber_cafe14-Kopie-1.jpg\" \/>\n\t<meta property=\"og:image:width\" content=\"1920\" \/>\n\t<meta property=\"og:image:height\" content=\"1280\" \/>\n\t<meta property=\"og:image:type\" content=\"image\/jpeg\" \/>\n<meta name=\"author\" content=\"studio20four\" \/>\n<meta name=\"twitter:card\" content=\"summary_large_image\" \/>\n<meta name=\"twitter:label1\" content=\"Verfasst von\" \/>\n\t<meta name=\"twitter:data1\" content=\"studio20four\" \/>\n\t<meta name=\"twitter:label2\" content=\"Gesch\u00e4tzte Lesezeit\" \/>\n\t<meta name=\"twitter:data2\" content=\"1\u00a0Minute\" \/>\n<script type=\"application\/ld+json\" class=\"yoast-schema-graph\">{\"@context\":\"https:\\\/\\\/schema.org\",\"@graph\":[{\"@type\":\"Article\",\"@id\":\"https:\\\/\\\/www.osttirol-info.at\\\/gipfel-der-genuesse\\\/cafe-baeckerei-gruber-2.html#article\",\"isPartOf\":{\"@id\":\"https:\\\/\\\/www.osttirol-info.at\\\/gipfel-der-genuesse\\\/cafe-baeckerei-gruber-2.html\"},\"author\":{\"name\":\"studio20four\",\"@id\":\"https:\\\/\\\/www.osttirol-info.at\\\/de\\\/#\\\/schema\\\/person\\\/6e878fca9e3642f898a22db426838ec9\"},\"headline\":\"Caf\u00e9 B\u00e4ckerei Gruber\",\"datePublished\":\"2023-01-12T12:22:26+00:00\",\"dateModified\":\"2023-09-18T07:03:26+00:00\",\"mainEntityOfPage\":{\"@id\":\"https:\\\/\\\/www.osttirol-info.at\\\/gipfel-der-genuesse\\\/cafe-baeckerei-gruber-2.html\"},\"wordCount\":185,\"image\":{\"@id\":\"https:\\\/\\\/www.osttirol-info.at\\\/gipfel-der-genuesse\\\/cafe-baeckerei-gruber-2.html#primaryimage\"},\"thumbnailUrl\":\"https:\\\/\\\/www.osttirol-info.at\\\/wp-content\\\/uploads\\\/baecker_gruber_cafe14-Kopie-1.jpg\",\"keywords\":[\"Lienz\"],\"articleSection\":[\"Gipfel der Gen\u00fcsse\"],\"inLanguage\":\"de\"},{\"@type\":\"WebPage\",\"@id\":\"https:\\\/\\\/www.osttirol-info.at\\\/de\\\/gipfel-der-genuesse\\\/cafe-baeckerei-gruber-2.html\",\"url\":\"https:\\\/\\\/www.osttirol-info.at\\\/de\\\/gipfel-der-genuesse\\\/cafe-baeckerei-gruber-2.html\",\"name\":\"Caf\u00e9 B\u00e4ckerei Gruber - osttirol-info.at\",\"isPartOf\":{\"@id\":\"https:\\\/\\\/www.osttirol-info.at\\\/de\\\/#website\"},\"primaryImageOfPage\":{\"@id\":\"https:\\\/\\\/www.osttirol-info.at\\\/de\\\/gipfel-der-genuesse\\\/cafe-baeckerei-gruber-2.html#primaryimage\"},\"image\":{\"@id\":\"https:\\\/\\\/www.osttirol-info.at\\\/gipfel-der-genuesse\\\/cafe-baeckerei-gruber-2.html#primaryimage\"},\"thumbnailUrl\":\"https:\\\/\\\/www.osttirol-info.at\\\/wp-content\\\/uploads\\\/baecker_gruber_cafe14-Kopie-1.jpg\",\"datePublished\":\"2023-01-12T12:22:26+00:00\",\"dateModified\":\"2023-09-18T07:03:26+00:00\",\"author\":{\"@id\":\"https:\\\/\\\/www.osttirol-info.at\\\/de\\\/#\\\/schema\\\/person\\\/6e878fca9e3642f898a22db426838ec9\"},\"breadcrumb\":{\"@id\":\"https:\\\/\\\/www.osttirol-info.at\\\/de\\\/gipfel-der-genuesse\\\/cafe-baeckerei-gruber-2.html#breadcrumb\"},\"inLanguage\":\"de\",\"potentialAction\":[{\"@type\":\"ReadAction\",\"target\":[[\"https:\\\/\\\/www.osttirol-info.at\\\/de\\\/gipfel-der-genuesse\\\/cafe-baeckerei-gruber-2.html\"]]}]},{\"@type\":\"ImageObject\",\"inLanguage\":\"de\",\"@id\":\"https:\\\/\\\/www.osttirol-info.at\\\/de\\\/gipfel-der-genuesse\\\/cafe-baeckerei-gruber-2.html#primaryimage\",\"url\":\"https:\\\/\\\/www.osttirol-info.at\\\/wp-content\\\/uploads\\\/baecker_gruber_cafe14-Kopie-1.jpg\",\"contentUrl\":\"https:\\\/\\\/www.osttirol-info.at\\\/wp-content\\\/uploads\\\/baecker_gruber_cafe14-Kopie-1.jpg\",\"width\":1920,\"height\":1280},{\"@type\":\"BreadcrumbList\",\"@id\":\"https:\\\/\\\/www.osttirol-info.at\\\/de\\\/gipfel-der-genuesse\\\/cafe-baeckerei-gruber-2.html#breadcrumb\",\"itemListElement\":[{\"@type\":\"ListItem\",\"position\":1,\"name\":\"osttirol-info.at\",\"item\":\"https:\\\/\\\/www.osttirol-info.at\\\/de\\\/\"},{\"@type\":\"ListItem\",\"position\":2,\"name\":\"Gipfel der Gen\u00fcsse\",\"item\":\"https:\\\/\\\/www.osttirol-info.at\\\/de\\\/gipfel-der-genuesse\"},{\"@type\":\"ListItem\",\"position\":3,\"name\":\"Caf\u00e9 B\u00e4ckerei Gruber\"}]},{\"@type\":\"WebSite\",\"@id\":\"https:\\\/\\\/www.osttirol-info.at\\\/de\\\/#website\",\"url\":\"https:\\\/\\\/www.osttirol-info.at\\\/de\\\/\",\"name\":\"osttirol-info.at\",\"description\":\"Die sch\u00f6nsten Seiten Osttirols\",\"potentialAction\":[{\"@type\":\"SearchAction\",\"target\":{\"@type\":\"EntryPoint\",\"urlTemplate\":\"https:\\\/\\\/www.osttirol-info.at\\\/de\\\/?s={search_term_string}\"},\"query-input\":{\"@type\":\"PropertyValueSpecification\",\"valueRequired\":true,\"valueName\":\"search_term_string\"}}],\"inLanguage\":\"de\"},{\"@type\":\"Person\",\"@id\":\"https:\\\/\\\/www.osttirol-info.at\\\/de\\\/#\\\/schema\\\/person\\\/6e878fca9e3642f898a22db426838ec9\",\"name\":\"studio20four\",\"url\":\"https:\\\/\\\/www.osttirol-info.at\\\/de\\\/author\\\/studio20four\"}]}<\/script>\n<!-- \/ Yoast SEO plugin. -->","yoast_head_json":{"title":"Caf\u00e9 B\u00e4ckerei Gruber - osttirol-info.at","robots":{"index":"index","follow":"follow","max-snippet":"max-snippet:-1","max-image-preview":"max-image-preview:large","max-video-preview":"max-video-preview:-1"},"canonical":"https:\/\/www.osttirol-info.at\/de\/gipfel-der-genuesse\/cafe-baeckerei-gruber-2.html","og_locale":"de_DE","og_type":"article","og_title":"Caf\u00e9 B\u00e4ckerei Gruber - osttirol-info.at","og_description":"Neben der traditionsreichen B\u00e4ckerei und dem Gesch\u00e4ft in der Maximilianstra\u00dfe&hellip;","og_url":"https:\/\/www.osttirol-info.at\/de\/gipfel-der-genuesse\/cafe-baeckerei-gruber-2.html","og_site_name":"osttirol-info.at","article_published_time":"2023-01-12T12:22:26+00:00","article_modified_time":"2023-09-18T07:03:26+00:00","og_image":[{"width":1920,"height":1280,"url":"https:\/\/www.osttirol-info.at\/wp-content\/uploads\/baecker_gruber_cafe14-Kopie-1.jpg","type":"image\/jpeg"}],"author":"studio20four","twitter_card":"summary_large_image","twitter_misc":{"Verfasst von":"studio20four","Gesch\u00e4tzte Lesezeit":"1\u00a0Minute"},"schema":{"@context":"https:\/\/schema.org","@graph":[{"@type":"Article","@id":"https:\/\/www.osttirol-info.at\/gipfel-der-genuesse\/cafe-baeckerei-gruber-2.html#article","isPartOf":{"@id":"https:\/\/www.osttirol-info.at\/gipfel-der-genuesse\/cafe-baeckerei-gruber-2.html"},"author":{"name":"studio20four","@id":"https:\/\/www.osttirol-info.at\/de\/#\/schema\/person\/6e878fca9e3642f898a22db426838ec9"},"headline":"Caf\u00e9 B\u00e4ckerei Gruber","datePublished":"2023-01-12T12:22:26+00:00","dateModified":"2023-09-18T07:03:26+00:00","mainEntityOfPage":{"@id":"https:\/\/www.osttirol-info.at\/gipfel-der-genuesse\/cafe-baeckerei-gruber-2.html"},"wordCount":185,"image":{"@id":"https:\/\/www.osttirol-info.at\/gipfel-der-genuesse\/cafe-baeckerei-gruber-2.html#primaryimage"},"thumbnailUrl":"https:\/\/www.osttirol-info.at\/wp-content\/uploads\/baecker_gruber_cafe14-Kopie-1.jpg","keywords":["Lienz"],"articleSection":["Gipfel der Gen\u00fcsse"],"inLanguage":"de"},{"@type":"WebPage","@id":"https:\/\/www.osttirol-info.at\/de\/gipfel-der-genuesse\/cafe-baeckerei-gruber-2.html","url":"https:\/\/www.osttirol-info.at\/de\/gipfel-der-genuesse\/cafe-baeckerei-gruber-2.html","name":"Caf\u00e9 B\u00e4ckerei Gruber - osttirol-info.at","isPartOf":{"@id":"https:\/\/www.osttirol-info.at\/de\/#website"},"primaryImageOfPage":{"@id":"https:\/\/www.osttirol-info.at\/de\/gipfel-der-genuesse\/cafe-baeckerei-gruber-2.html#primaryimage"},"image":{"@id":"https:\/\/www.osttirol-info.at\/gipfel-der-genuesse\/cafe-baeckerei-gruber-2.html#primaryimage"},"thumbnailUrl":"https:\/\/www.osttirol-info.at\/wp-content\/uploads\/baecker_gruber_cafe14-Kopie-1.jpg","datePublished":"2023-01-12T12:22:26+00:00","dateModified":"2023-09-18T07:03:26+00:00","author":{"@id":"https:\/\/www.osttirol-info.at\/de\/#\/schema\/person\/6e878fca9e3642f898a22db426838ec9"},"breadcrumb":{"@id":"https:\/\/www.osttirol-info.at\/de\/gipfel-der-genuesse\/cafe-baeckerei-gruber-2.html#breadcrumb"},"inLanguage":"de","potentialAction":[{"@type":"ReadAction","target":[["https:\/\/www.osttirol-info.at\/de\/gipfel-der-genuesse\/cafe-baeckerei-gruber-2.html"]]}]},{"@type":"ImageObject","inLanguage":"de","@id":"https:\/\/www.osttirol-info.at\/de\/gipfel-der-genuesse\/cafe-baeckerei-gruber-2.html#primaryimage","url":"https:\/\/www.osttirol-info.at\/wp-content\/uploads\/baecker_gruber_cafe14-Kopie-1.jpg","contentUrl":"https:\/\/www.osttirol-info.at\/wp-content\/uploads\/baecker_gruber_cafe14-Kopie-1.jpg","width":1920,"height":1280},{"@type":"BreadcrumbList","@id":"https:\/\/www.osttirol-info.at\/de\/gipfel-der-genuesse\/cafe-baeckerei-gruber-2.html#breadcrumb","itemListElement":[{"@type":"ListItem","position":1,"name":"osttirol-info.at","item":"https:\/\/www.osttirol-info.at\/de\/"},{"@type":"ListItem","position":2,"name":"Gipfel der Gen\u00fcsse","item":"https:\/\/www.osttirol-info.at\/de\/gipfel-der-genuesse"},{"@type":"ListItem","position":3,"name":"Caf\u00e9 B\u00e4ckerei Gruber"}]},{"@type":"WebSite","@id":"https:\/\/www.osttirol-info.at\/de\/#website","url":"https:\/\/www.osttirol-info.at\/de\/","name":"osttirol-info.at","description":"Die sch\u00f6nsten Seiten Osttirols","potentialAction":[{"@type":"SearchAction","target":{"@type":"EntryPoint","urlTemplate":"https:\/\/www.osttirol-info.at\/de\/?s={search_term_string}"},"query-input":{"@type":"PropertyValueSpecification","valueRequired":true,"valueName":"search_term_string"}}],"inLanguage":"de"},{"@type":"Person","@id":"https:\/\/www.osttirol-info.at\/de\/#\/schema\/person\/6e878fca9e3642f898a22db426838ec9","name":"studio20four","url":"https:\/\/www.osttirol-info.at\/de\/author\/studio20four"}]}},"_links":{"self":[{"href":"https:\/\/www.osttirol-info.at\/de\/wp-json\/wp\/v2\/posts\/5866","targetHints":{"allow":["GET"]}}],"collection":[{"href":"https:\/\/www.osttirol-info.at\/de\/wp-json\/wp\/v2\/posts"}],"about":[{"href":"https:\/\/www.osttirol-info.at\/de\/wp-json\/wp\/v2\/types\/post"}],"author":[{"embeddable":true,"href":"https:\/\/www.osttirol-info.at\/de\/wp-json\/wp\/v2\/users\/2"}],"replies":[{"embeddable":true,"href":"https:\/\/www.osttirol-info.at\/de\/wp-json\/wp\/v2\/comments?post=5866"}],"version-history":[{"count":4,"href":"https:\/\/www.osttirol-info.at\/de\/wp-json\/wp\/v2\/posts\/5866\/revisions"}],"predecessor-version":[{"id":6385,"href":"https:\/\/www.osttirol-info.at\/de\/wp-json\/wp\/v2\/posts\/5866\/revisions\/6385"}],"wp:featuredmedia":[{"embeddable":true,"href":"https:\/\/www.osttirol-info.at\/de\/wp-json\/wp\/v2\/media\/5867"}],"wp:attachment":[{"href":"https:\/\/www.osttirol-info.at\/de\/wp-json\/wp\/v2\/media?parent=5866"}],"wp:term":[{"taxonomy":"category","embeddable":true,"href":"https:\/\/www.osttirol-info.at\/de\/wp-json\/wp\/v2\/categories?post=5866"},{"taxonomy":"post_tag","embeddable":true,"href":"https:\/\/www.osttirol-info.at\/de\/wp-json\/wp\/v2\/tags?post=5866"}],"curies":[{"name":"wp","href":"https:\/\/api.w.org\/{rel}","templated":true}]}}