{"id":5860,"date":"2023-01-12T13:20:07","date_gmt":"2023-01-12T12:20:07","guid":{"rendered":"https:\/\/www.osttirol-info.at\/?p=5860"},"modified":"2023-09-18T09:03:40","modified_gmt":"2023-09-18T07:03:40","slug":"mocafe-ganz-mein-kaffee","status":"publish","type":"post","link":"https:\/\/www.osttirol-info.at\/de\/gipfel-der-genuesse\/mocafe-ganz-mein-kaffee.html","title":{"rendered":"Mocafe &#8211; Ganz mein Kaffee"},"content":{"rendered":"<p>Die einzige Kaffeer\u00f6sterei Osttirols ist klein aber fein. Oberhalb von Lienz wird eine Auswahl erstklassiger Kaffeesorten aus den besten Anbaugebieten der Welt fachm\u00e4nnisch ger\u00f6stet. Das traditionsreiche Geb\u00e4ude, in dem sich schon zu fr\u00fcherer Zeit eine Kaffeer\u00f6sterei befand, hat Andreas Moser liebevoll restauriert. Eingerichtet wurde mit traditionellen alten Kaffeehausm\u00f6beln, die eine heimelige, urgem\u00fctliche und typische Kaffeehausatmosph\u00e4re vermitteln. Die sonnige und einladende Terrasse liegt direkt am Ufer der Isel an der Spitalsbr\u00fccke. Und wer seine Kaffeespezialit\u00e4t und hausgemachte Lieblingstorte gefunden hat, kann sich im nostalgischen Laden etwas davon mit nach Hause nehmen.<\/p>\n<p>Die besten Kaffeesorten der Welt werden in der R\u00f6sterei von Andreas Moser zu hochwertigem Kaffee mit vollendetem Aroma veredelt.<\/p>","protected":false},"excerpt":{"rendered":"<p>Die einzige Kaffeer\u00f6sterei Osttirols ist klein aber fein. Oberhalb von&hellip;<\/p>\n","protected":false},"author":2,"featured_media":5862,"comment_status":"closed","ping_status":"closed","sticky":false,"template":"","format":"standard","meta":{"_acf_changed":false,"footnotes":""},"categories":[3],"tags":[37],"class_list":["post-5860","post","type-post","status-publish","format-standard","has-post-thumbnail","hentry","category-gipfel-der-genuesse","tag-lienz","region-lienz","sonstiges-kaffee"],"acf":[],"yoast_head":"<!-- This site is optimized with the Yoast SEO plugin v27.4 - https:\/\/yoast.com\/product\/yoast-seo-wordpress\/ -->\n<title>Mocafe - Ganz mein Kaffee - osttirol-info.at<\/title>\n<meta name=\"robots\" content=\"index, follow, max-snippet:-1, max-image-preview:large, max-video-preview:-1\" \/>\n<link rel=\"canonical\" href=\"https:\/\/www.osttirol-info.at\/de\/gipfel-der-genuesse\/mocafe-ganz-mein-kaffee.html\" \/>\n<meta property=\"og:locale\" content=\"de_DE\" \/>\n<meta property=\"og:type\" content=\"article\" \/>\n<meta property=\"og:title\" content=\"Mocafe - Ganz mein Kaffee - osttirol-info.at\" \/>\n<meta property=\"og:description\" content=\"Die einzige Kaffeer\u00f6sterei Osttirols ist klein aber fein. Oberhalb von&hellip;\" \/>\n<meta property=\"og:url\" content=\"https:\/\/www.osttirol-info.at\/de\/gipfel-der-genuesse\/mocafe-ganz-mein-kaffee.html\" \/>\n<meta property=\"og:site_name\" content=\"osttirol-info.at\" \/>\n<meta property=\"article:published_time\" content=\"2023-01-12T12:20:07+00:00\" \/>\n<meta property=\"article:modified_time\" content=\"2023-09-18T07:03:40+00:00\" \/>\n<meta property=\"og:image\" content=\"https:\/\/www.osttirol-info.at\/wp-content\/uploads\/MoCafeTerrasse.jpg\" \/>\n\t<meta property=\"og:image:width\" content=\"1920\" \/>\n\t<meta property=\"og:image:height\" content=\"1277\" \/>\n\t<meta property=\"og:image:type\" content=\"image\/jpeg\" \/>\n<meta name=\"author\" content=\"studio20four\" \/>\n<meta name=\"twitter:card\" content=\"summary_large_image\" \/>\n<meta name=\"twitter:label1\" content=\"Verfasst von\" \/>\n\t<meta name=\"twitter:data1\" content=\"studio20four\" \/>\n\t<meta name=\"twitter:label2\" content=\"Gesch\u00e4tzte Lesezeit\" \/>\n\t<meta name=\"twitter:data2\" content=\"1\u00a0Minute\" \/>\n<script type=\"application\/ld+json\" class=\"yoast-schema-graph\">{\"@context\":\"https:\\\/\\\/schema.org\",\"@graph\":[{\"@type\":\"Article\",\"@id\":\"https:\\\/\\\/www.osttirol-info.at\\\/gipfel-der-genuesse\\\/mocafe-ganz-mein-kaffee.html#article\",\"isPartOf\":{\"@id\":\"https:\\\/\\\/www.osttirol-info.at\\\/gipfel-der-genuesse\\\/mocafe-ganz-mein-kaffee.html\"},\"author\":{\"name\":\"studio20four\",\"@id\":\"https:\\\/\\\/www.osttirol-info.at\\\/de\\\/#\\\/schema\\\/person\\\/6e878fca9e3642f898a22db426838ec9\"},\"headline\":\"Mocafe &#8211; Ganz mein Kaffee\",\"datePublished\":\"2023-01-12T12:20:07+00:00\",\"dateModified\":\"2023-09-18T07:03:40+00:00\",\"mainEntityOfPage\":{\"@id\":\"https:\\\/\\\/www.osttirol-info.at\\\/gipfel-der-genuesse\\\/mocafe-ganz-mein-kaffee.html\"},\"wordCount\":248,\"image\":{\"@id\":\"https:\\\/\\\/www.osttirol-info.at\\\/gipfel-der-genuesse\\\/mocafe-ganz-mein-kaffee.html#primaryimage\"},\"thumbnailUrl\":\"https:\\\/\\\/www.osttirol-info.at\\\/wp-content\\\/uploads\\\/MoCafeTerrasse.jpg\",\"keywords\":[\"Lienz\"],\"articleSection\":[\"Gipfel der Gen\u00fcsse\"],\"inLanguage\":\"de\"},{\"@type\":\"WebPage\",\"@id\":\"https:\\\/\\\/www.osttirol-info.at\\\/de\\\/gipfel-der-genuesse\\\/mocafe-ganz-mein-kaffee.html\",\"url\":\"https:\\\/\\\/www.osttirol-info.at\\\/de\\\/gipfel-der-genuesse\\\/mocafe-ganz-mein-kaffee.html\",\"name\":\"Mocafe - Ganz mein Kaffee - osttirol-info.at\",\"isPartOf\":{\"@id\":\"https:\\\/\\\/www.osttirol-info.at\\\/de\\\/#website\"},\"primaryImageOfPage\":{\"@id\":\"https:\\\/\\\/www.osttirol-info.at\\\/de\\\/gipfel-der-genuesse\\\/mocafe-ganz-mein-kaffee.html#primaryimage\"},\"image\":{\"@id\":\"https:\\\/\\\/www.osttirol-info.at\\\/gipfel-der-genuesse\\\/mocafe-ganz-mein-kaffee.html#primaryimage\"},\"thumbnailUrl\":\"https:\\\/\\\/www.osttirol-info.at\\\/wp-content\\\/uploads\\\/MoCafeTerrasse.jpg\",\"datePublished\":\"2023-01-12T12:20:07+00:00\",\"dateModified\":\"2023-09-18T07:03:40+00:00\",\"author\":{\"@id\":\"https:\\\/\\\/www.osttirol-info.at\\\/de\\\/#\\\/schema\\\/person\\\/6e878fca9e3642f898a22db426838ec9\"},\"breadcrumb\":{\"@id\":\"https:\\\/\\\/www.osttirol-info.at\\\/de\\\/gipfel-der-genuesse\\\/mocafe-ganz-mein-kaffee.html#breadcrumb\"},\"inLanguage\":\"de\",\"potentialAction\":[{\"@type\":\"ReadAction\",\"target\":[[\"https:\\\/\\\/www.osttirol-info.at\\\/de\\\/gipfel-der-genuesse\\\/mocafe-ganz-mein-kaffee.html\"]]}]},{\"@type\":\"ImageObject\",\"inLanguage\":\"de\",\"@id\":\"https:\\\/\\\/www.osttirol-info.at\\\/de\\\/gipfel-der-genuesse\\\/mocafe-ganz-mein-kaffee.html#primaryimage\",\"url\":\"https:\\\/\\\/www.osttirol-info.at\\\/wp-content\\\/uploads\\\/MoCafeTerrasse.jpg\",\"contentUrl\":\"https:\\\/\\\/www.osttirol-info.at\\\/wp-content\\\/uploads\\\/MoCafeTerrasse.jpg\",\"width\":1920,\"height\":1277},{\"@type\":\"BreadcrumbList\",\"@id\":\"https:\\\/\\\/www.osttirol-info.at\\\/de\\\/gipfel-der-genuesse\\\/mocafe-ganz-mein-kaffee.html#breadcrumb\",\"itemListElement\":[{\"@type\":\"ListItem\",\"position\":1,\"name\":\"osttirol-info.at\",\"item\":\"https:\\\/\\\/www.osttirol-info.at\\\/de\\\/\"},{\"@type\":\"ListItem\",\"position\":2,\"name\":\"Gipfel der Gen\u00fcsse\",\"item\":\"https:\\\/\\\/www.osttirol-info.at\\\/de\\\/gipfel-der-genuesse\"},{\"@type\":\"ListItem\",\"position\":3,\"name\":\"Mocafe &#8211; Ganz mein Kaffee\"}]},{\"@type\":\"WebSite\",\"@id\":\"https:\\\/\\\/www.osttirol-info.at\\\/de\\\/#website\",\"url\":\"https:\\\/\\\/www.osttirol-info.at\\\/de\\\/\",\"name\":\"osttirol-info.at\",\"description\":\"Die sch\u00f6nsten Seiten Osttirols\",\"potentialAction\":[{\"@type\":\"SearchAction\",\"target\":{\"@type\":\"EntryPoint\",\"urlTemplate\":\"https:\\\/\\\/www.osttirol-info.at\\\/de\\\/?s={search_term_string}\"},\"query-input\":{\"@type\":\"PropertyValueSpecification\",\"valueRequired\":true,\"valueName\":\"search_term_string\"}}],\"inLanguage\":\"de\"},{\"@type\":\"Person\",\"@id\":\"https:\\\/\\\/www.osttirol-info.at\\\/de\\\/#\\\/schema\\\/person\\\/6e878fca9e3642f898a22db426838ec9\",\"name\":\"studio20four\",\"url\":\"https:\\\/\\\/www.osttirol-info.at\\\/de\\\/author\\\/studio20four\"}]}<\/script>\n<!-- \/ Yoast SEO plugin. -->","yoast_head_json":{"title":"Mocafe - Ganz mein Kaffee - osttirol-info.at","robots":{"index":"index","follow":"follow","max-snippet":"max-snippet:-1","max-image-preview":"max-image-preview:large","max-video-preview":"max-video-preview:-1"},"canonical":"https:\/\/www.osttirol-info.at\/de\/gipfel-der-genuesse\/mocafe-ganz-mein-kaffee.html","og_locale":"de_DE","og_type":"article","og_title":"Mocafe - Ganz mein Kaffee - osttirol-info.at","og_description":"Die einzige Kaffeer\u00f6sterei Osttirols ist klein aber fein. Oberhalb von&hellip;","og_url":"https:\/\/www.osttirol-info.at\/de\/gipfel-der-genuesse\/mocafe-ganz-mein-kaffee.html","og_site_name":"osttirol-info.at","article_published_time":"2023-01-12T12:20:07+00:00","article_modified_time":"2023-09-18T07:03:40+00:00","og_image":[{"url":"https:\/\/www.osttirol-info.at\/wp-content\/uploads\/MoCafeTerrasse.jpg","width":1920,"height":1277,"type":"image\/jpeg"}],"author":"studio20four","twitter_card":"summary_large_image","twitter_misc":{"Verfasst von":"studio20four","Gesch\u00e4tzte Lesezeit":"1\u00a0Minute"},"schema":{"@context":"https:\/\/schema.org","@graph":[{"@type":"Article","@id":"https:\/\/www.osttirol-info.at\/gipfel-der-genuesse\/mocafe-ganz-mein-kaffee.html#article","isPartOf":{"@id":"https:\/\/www.osttirol-info.at\/gipfel-der-genuesse\/mocafe-ganz-mein-kaffee.html"},"author":{"name":"studio20four","@id":"https:\/\/www.osttirol-info.at\/de\/#\/schema\/person\/6e878fca9e3642f898a22db426838ec9"},"headline":"Mocafe &#8211; Ganz mein Kaffee","datePublished":"2023-01-12T12:20:07+00:00","dateModified":"2023-09-18T07:03:40+00:00","mainEntityOfPage":{"@id":"https:\/\/www.osttirol-info.at\/gipfel-der-genuesse\/mocafe-ganz-mein-kaffee.html"},"wordCount":248,"image":{"@id":"https:\/\/www.osttirol-info.at\/gipfel-der-genuesse\/mocafe-ganz-mein-kaffee.html#primaryimage"},"thumbnailUrl":"https:\/\/www.osttirol-info.at\/wp-content\/uploads\/MoCafeTerrasse.jpg","keywords":["Lienz"],"articleSection":["Gipfel der Gen\u00fcsse"],"inLanguage":"de"},{"@type":"WebPage","@id":"https:\/\/www.osttirol-info.at\/de\/gipfel-der-genuesse\/mocafe-ganz-mein-kaffee.html","url":"https:\/\/www.osttirol-info.at\/de\/gipfel-der-genuesse\/mocafe-ganz-mein-kaffee.html","name":"Mocafe - Ganz mein Kaffee - osttirol-info.at","isPartOf":{"@id":"https:\/\/www.osttirol-info.at\/de\/#website"},"primaryImageOfPage":{"@id":"https:\/\/www.osttirol-info.at\/de\/gipfel-der-genuesse\/mocafe-ganz-mein-kaffee.html#primaryimage"},"image":{"@id":"https:\/\/www.osttirol-info.at\/gipfel-der-genuesse\/mocafe-ganz-mein-kaffee.html#primaryimage"},"thumbnailUrl":"https:\/\/www.osttirol-info.at\/wp-content\/uploads\/MoCafeTerrasse.jpg","datePublished":"2023-01-12T12:20:07+00:00","dateModified":"2023-09-18T07:03:40+00:00","author":{"@id":"https:\/\/www.osttirol-info.at\/de\/#\/schema\/person\/6e878fca9e3642f898a22db426838ec9"},"breadcrumb":{"@id":"https:\/\/www.osttirol-info.at\/de\/gipfel-der-genuesse\/mocafe-ganz-mein-kaffee.html#breadcrumb"},"inLanguage":"de","potentialAction":[{"@type":"ReadAction","target":[["https:\/\/www.osttirol-info.at\/de\/gipfel-der-genuesse\/mocafe-ganz-mein-kaffee.html"]]}]},{"@type":"ImageObject","inLanguage":"de","@id":"https:\/\/www.osttirol-info.at\/de\/gipfel-der-genuesse\/mocafe-ganz-mein-kaffee.html#primaryimage","url":"https:\/\/www.osttirol-info.at\/wp-content\/uploads\/MoCafeTerrasse.jpg","contentUrl":"https:\/\/www.osttirol-info.at\/wp-content\/uploads\/MoCafeTerrasse.jpg","width":1920,"height":1277},{"@type":"BreadcrumbList","@id":"https:\/\/www.osttirol-info.at\/de\/gipfel-der-genuesse\/mocafe-ganz-mein-kaffee.html#breadcrumb","itemListElement":[{"@type":"ListItem","position":1,"name":"osttirol-info.at","item":"https:\/\/www.osttirol-info.at\/de\/"},{"@type":"ListItem","position":2,"name":"Gipfel der Gen\u00fcsse","item":"https:\/\/www.osttirol-info.at\/de\/gipfel-der-genuesse"},{"@type":"ListItem","position":3,"name":"Mocafe &#8211; Ganz mein Kaffee"}]},{"@type":"WebSite","@id":"https:\/\/www.osttirol-info.at\/de\/#website","url":"https:\/\/www.osttirol-info.at\/de\/","name":"osttirol-info.at","description":"Die sch\u00f6nsten Seiten Osttirols","potentialAction":[{"@type":"SearchAction","target":{"@type":"EntryPoint","urlTemplate":"https:\/\/www.osttirol-info.at\/de\/?s={search_term_string}"},"query-input":{"@type":"PropertyValueSpecification","valueRequired":true,"valueName":"search_term_string"}}],"inLanguage":"de"},{"@type":"Person","@id":"https:\/\/www.osttirol-info.at\/de\/#\/schema\/person\/6e878fca9e3642f898a22db426838ec9","name":"studio20four","url":"https:\/\/www.osttirol-info.at\/de\/author\/studio20four"}]}},"_links":{"self":[{"href":"https:\/\/www.osttirol-info.at\/de\/wp-json\/wp\/v2\/posts\/5860","targetHints":{"allow":["GET"]}}],"collection":[{"href":"https:\/\/www.osttirol-info.at\/de\/wp-json\/wp\/v2\/posts"}],"about":[{"href":"https:\/\/www.osttirol-info.at\/de\/wp-json\/wp\/v2\/types\/post"}],"author":[{"embeddable":true,"href":"https:\/\/www.osttirol-info.at\/de\/wp-json\/wp\/v2\/users\/2"}],"replies":[{"embeddable":true,"href":"https:\/\/www.osttirol-info.at\/de\/wp-json\/wp\/v2\/comments?post=5860"}],"version-history":[{"count":3,"href":"https:\/\/www.osttirol-info.at\/de\/wp-json\/wp\/v2\/posts\/5860\/revisions"}],"predecessor-version":[{"id":6386,"href":"https:\/\/www.osttirol-info.at\/de\/wp-json\/wp\/v2\/posts\/5860\/revisions\/6386"}],"wp:featuredmedia":[{"embeddable":true,"href":"https:\/\/www.osttirol-info.at\/de\/wp-json\/wp\/v2\/media\/5862"}],"wp:attachment":[{"href":"https:\/\/www.osttirol-info.at\/de\/wp-json\/wp\/v2\/media?parent=5860"}],"wp:term":[{"taxonomy":"category","embeddable":true,"href":"https:\/\/www.osttirol-info.at\/de\/wp-json\/wp\/v2\/categories?post=5860"},{"taxonomy":"post_tag","embeddable":true,"href":"https:\/\/www.osttirol-info.at\/de\/wp-json\/wp\/v2\/tags?post=5860"}],"curies":[{"name":"wp","href":"https:\/\/api.w.org\/{rel}","templated":true}]}}