{"id":5841,"date":"2023-01-12T13:12:32","date_gmt":"2023-01-12T12:12:32","guid":{"rendered":"https:\/\/www.osttirol-info.at\/?p=5841"},"modified":"2023-09-18T09:04:29","modified_gmt":"2023-09-18T07:04:29","slug":"diogenes-im-grossen-fassl","status":"publish","type":"post","link":"https:\/\/www.osttirol-info.at\/de\/gipfel-der-genuesse\/diogenes-im-grossen-fassl.html","title":{"rendered":"Diogenes im gro\u00dfen Fassl"},"content":{"rendered":"<p><strong> Geschenke &amp; Schnapsothek<\/strong><\/p>\n<p>Sich f\u00fchlen wie Diogenes kann man sich bei einem Besuch im gro\u00dfen Fassl in Nu\u00dfdorf-Debant. Die bereits vor 150 Jahren gegr\u00fcndete Firma Diogenes verkauft sch\u00f6ne Dinge rund ums Fass und vieles mehr. Im Shop mit der au\u00dfergew\u00f6hnlichen Innenarchitektur und dem unverwechselbaren Ambiente findet man die erste Osttiroler Schnapsothek mit zahlreichen feinen Destillaten zum Verkosten und Mitnehmen. Weiters alles f\u00fcrs Schnapsbrennen, M\u00f6bel aus F\u00e4ssern, und in Handarbeit bemalte Gl\u00e4ser und Flaschen. Ein riesiges Sortiment an sch\u00f6nen Dingen erschwert zwar die Wahl, erleichtert aber das Schenken f\u00fcr diverse Anl\u00e4sse. Hier findet man mit Sicherheit immer genau das Richtige.<\/p>\n<p>Diogenes &#8211; M\u00f6bel wie guter Wein<br \/>\nDie Leidenschaft f\u00fcr F\u00e4sser teilt Helmut Pramstaller mit dem griechischen Philosophen Diogenes. In halb Europa sucht und kauft der ehemalige Snowboard-Weltmeister alte F\u00e4sser und formt sie zu individuellen, selbst designten M\u00f6belst\u00fccken um \u2013 komplette Schlafzimmer, gem\u00fctliche Kellerstuben, Gasthofeinrichtungen, Tische, B\u00e4nke und vieles mehr. Ein Zertifikat, welcher Wein urspr\u00fcnglich in dem Fass gelagert war, wird mitgeliefert. www.helmut-pramstaller.at.<\/p>","protected":false},"excerpt":{"rendered":"<p>Geschenke &amp; Schnapsothek Sich f\u00fchlen wie Diogenes kann man sich&hellip;<\/p>\n","protected":false},"author":2,"featured_media":5842,"comment_status":"closed","ping_status":"closed","sticky":false,"template":"","format":"standard","meta":{"_acf_changed":false,"footnotes":""},"categories":[18,9,3],"tags":[276],"class_list":["post-5841","post","type-post","status-publish","format-standard","has-post-thumbnail","hentry","category-ausflugsziele-das-muessen-sie-sehen-in-osttirol","category-was-einkaufen","category-gipfel-der-genuesse","tag-debant","branche-handwerk","branche-einzelhandel","region-lienz","sonstiges-schnaps"],"acf":[],"yoast_head":"<!-- This site is optimized with the Yoast SEO plugin v27.4 - https:\/\/yoast.com\/product\/yoast-seo-wordpress\/ -->\n<title>Diogenes im gro\u00dfen Fassl - osttirol-info.at<\/title>\n<meta name=\"robots\" content=\"index, follow, max-snippet:-1, max-image-preview:large, max-video-preview:-1\" \/>\n<link rel=\"canonical\" href=\"https:\/\/www.osttirol-info.at\/de\/gipfel-der-genuesse\/diogenes-im-grossen-fassl.html\" \/>\n<meta property=\"og:locale\" content=\"de_DE\" \/>\n<meta property=\"og:type\" content=\"article\" \/>\n<meta property=\"og:title\" content=\"Diogenes im gro\u00dfen Fassl - osttirol-info.at\" \/>\n<meta property=\"og:description\" content=\"Geschenke &amp; Schnapsothek Sich f\u00fchlen wie Diogenes kann man sich&hellip;\" \/>\n<meta property=\"og:url\" content=\"https:\/\/www.osttirol-info.at\/de\/gipfel-der-genuesse\/diogenes-im-grossen-fassl.html\" \/>\n<meta property=\"og:site_name\" content=\"osttirol-info.at\" \/>\n<meta property=\"article:published_time\" content=\"2023-01-12T12:12:32+00:00\" \/>\n<meta property=\"article:modified_time\" content=\"2023-09-18T07:04:29+00:00\" \/>\n<meta property=\"og:image\" content=\"https:\/\/www.osttirol-info.at\/wp-content\/uploads\/Diogenes2017-Himmel-neu-1.jpg\" \/>\n\t<meta property=\"og:image:width\" content=\"1920\" \/>\n\t<meta property=\"og:image:height\" content=\"1359\" \/>\n\t<meta property=\"og:image:type\" content=\"image\/jpeg\" \/>\n<meta name=\"author\" content=\"studio20four\" \/>\n<meta name=\"twitter:card\" content=\"summary_large_image\" \/>\n<meta name=\"twitter:label1\" content=\"Verfasst von\" \/>\n\t<meta name=\"twitter:data1\" content=\"studio20four\" \/>\n\t<meta name=\"twitter:label2\" content=\"Gesch\u00e4tzte Lesezeit\" \/>\n\t<meta name=\"twitter:data2\" content=\"1\u00a0Minute\" \/>\n<script type=\"application\/ld+json\" class=\"yoast-schema-graph\">{\"@context\":\"https:\\\/\\\/schema.org\",\"@graph\":[{\"@type\":\"Article\",\"@id\":\"https:\\\/\\\/www.osttirol-info.at\\\/gipfel-der-genuesse\\\/diogenes-im-grossen-fassl.html#article\",\"isPartOf\":{\"@id\":\"https:\\\/\\\/www.osttirol-info.at\\\/gipfel-der-genuesse\\\/diogenes-im-grossen-fassl.html\"},\"author\":{\"name\":\"studio20four\",\"@id\":\"https:\\\/\\\/www.osttirol-info.at\\\/de\\\/#\\\/schema\\\/person\\\/6e878fca9e3642f898a22db426838ec9\"},\"headline\":\"Diogenes im gro\u00dfen Fassl\",\"datePublished\":\"2023-01-12T12:12:32+00:00\",\"dateModified\":\"2023-09-18T07:04:29+00:00\",\"mainEntityOfPage\":{\"@id\":\"https:\\\/\\\/www.osttirol-info.at\\\/gipfel-der-genuesse\\\/diogenes-im-grossen-fassl.html\"},\"wordCount\":390,\"image\":{\"@id\":\"https:\\\/\\\/www.osttirol-info.at\\\/gipfel-der-genuesse\\\/diogenes-im-grossen-fassl.html#primaryimage\"},\"thumbnailUrl\":\"https:\\\/\\\/www.osttirol-info.at\\\/wp-content\\\/uploads\\\/Diogenes2017-Himmel-neu-1.jpg\",\"keywords\":[\"debant\"],\"articleSection\":[\"Ausflugsziele\",\"Shopping Tipp\",\"Gipfel der Gen\u00fcsse\"],\"inLanguage\":\"de\"},{\"@type\":\"WebPage\",\"@id\":\"https:\\\/\\\/www.osttirol-info.at\\\/de\\\/gipfel-der-genuesse\\\/diogenes-im-grossen-fassl.html\",\"url\":\"https:\\\/\\\/www.osttirol-info.at\\\/de\\\/gipfel-der-genuesse\\\/diogenes-im-grossen-fassl.html\",\"name\":\"Diogenes im gro\u00dfen Fassl - osttirol-info.at\",\"isPartOf\":{\"@id\":\"https:\\\/\\\/www.osttirol-info.at\\\/de\\\/#website\"},\"primaryImageOfPage\":{\"@id\":\"https:\\\/\\\/www.osttirol-info.at\\\/de\\\/gipfel-der-genuesse\\\/diogenes-im-grossen-fassl.html#primaryimage\"},\"image\":{\"@id\":\"https:\\\/\\\/www.osttirol-info.at\\\/gipfel-der-genuesse\\\/diogenes-im-grossen-fassl.html#primaryimage\"},\"thumbnailUrl\":\"https:\\\/\\\/www.osttirol-info.at\\\/wp-content\\\/uploads\\\/Diogenes2017-Himmel-neu-1.jpg\",\"datePublished\":\"2023-01-12T12:12:32+00:00\",\"dateModified\":\"2023-09-18T07:04:29+00:00\",\"author\":{\"@id\":\"https:\\\/\\\/www.osttirol-info.at\\\/de\\\/#\\\/schema\\\/person\\\/6e878fca9e3642f898a22db426838ec9\"},\"breadcrumb\":{\"@id\":\"https:\\\/\\\/www.osttirol-info.at\\\/de\\\/gipfel-der-genuesse\\\/diogenes-im-grossen-fassl.html#breadcrumb\"},\"inLanguage\":\"de\",\"potentialAction\":[{\"@type\":\"ReadAction\",\"target\":[[\"https:\\\/\\\/www.osttirol-info.at\\\/de\\\/gipfel-der-genuesse\\\/diogenes-im-grossen-fassl.html\"]]}]},{\"@type\":\"ImageObject\",\"inLanguage\":\"de\",\"@id\":\"https:\\\/\\\/www.osttirol-info.at\\\/de\\\/gipfel-der-genuesse\\\/diogenes-im-grossen-fassl.html#primaryimage\",\"url\":\"https:\\\/\\\/www.osttirol-info.at\\\/wp-content\\\/uploads\\\/Diogenes2017-Himmel-neu-1.jpg\",\"contentUrl\":\"https:\\\/\\\/www.osttirol-info.at\\\/wp-content\\\/uploads\\\/Diogenes2017-Himmel-neu-1.jpg\",\"width\":1920,\"height\":1359},{\"@type\":\"BreadcrumbList\",\"@id\":\"https:\\\/\\\/www.osttirol-info.at\\\/de\\\/gipfel-der-genuesse\\\/diogenes-im-grossen-fassl.html#breadcrumb\",\"itemListElement\":[{\"@type\":\"ListItem\",\"position\":1,\"name\":\"osttirol-info.at\",\"item\":\"https:\\\/\\\/www.osttirol-info.at\\\/de\\\/\"},{\"@type\":\"ListItem\",\"position\":2,\"name\":\"Gipfel der Gen\u00fcsse\",\"item\":\"https:\\\/\\\/www.osttirol-info.at\\\/de\\\/gipfel-der-genuesse\"},{\"@type\":\"ListItem\",\"position\":3,\"name\":\"Diogenes im gro\u00dfen Fassl\"}]},{\"@type\":\"WebSite\",\"@id\":\"https:\\\/\\\/www.osttirol-info.at\\\/de\\\/#website\",\"url\":\"https:\\\/\\\/www.osttirol-info.at\\\/de\\\/\",\"name\":\"osttirol-info.at\",\"description\":\"Die sch\u00f6nsten Seiten Osttirols\",\"potentialAction\":[{\"@type\":\"SearchAction\",\"target\":{\"@type\":\"EntryPoint\",\"urlTemplate\":\"https:\\\/\\\/www.osttirol-info.at\\\/de\\\/?s={search_term_string}\"},\"query-input\":{\"@type\":\"PropertyValueSpecification\",\"valueRequired\":true,\"valueName\":\"search_term_string\"}}],\"inLanguage\":\"de\"},{\"@type\":\"Person\",\"@id\":\"https:\\\/\\\/www.osttirol-info.at\\\/de\\\/#\\\/schema\\\/person\\\/6e878fca9e3642f898a22db426838ec9\",\"name\":\"studio20four\",\"url\":\"https:\\\/\\\/www.osttirol-info.at\\\/de\\\/author\\\/studio20four\"}]}<\/script>\n<!-- \/ Yoast SEO plugin. -->","yoast_head_json":{"title":"Diogenes im gro\u00dfen Fassl - osttirol-info.at","robots":{"index":"index","follow":"follow","max-snippet":"max-snippet:-1","max-image-preview":"max-image-preview:large","max-video-preview":"max-video-preview:-1"},"canonical":"https:\/\/www.osttirol-info.at\/de\/gipfel-der-genuesse\/diogenes-im-grossen-fassl.html","og_locale":"de_DE","og_type":"article","og_title":"Diogenes im gro\u00dfen Fassl - osttirol-info.at","og_description":"Geschenke &amp; Schnapsothek Sich f\u00fchlen wie Diogenes kann man sich&hellip;","og_url":"https:\/\/www.osttirol-info.at\/de\/gipfel-der-genuesse\/diogenes-im-grossen-fassl.html","og_site_name":"osttirol-info.at","article_published_time":"2023-01-12T12:12:32+00:00","article_modified_time":"2023-09-18T07:04:29+00:00","og_image":[{"width":1920,"height":1359,"url":"https:\/\/www.osttirol-info.at\/wp-content\/uploads\/Diogenes2017-Himmel-neu-1.jpg","type":"image\/jpeg"}],"author":"studio20four","twitter_card":"summary_large_image","twitter_misc":{"Verfasst von":"studio20four","Gesch\u00e4tzte Lesezeit":"1\u00a0Minute"},"schema":{"@context":"https:\/\/schema.org","@graph":[{"@type":"Article","@id":"https:\/\/www.osttirol-info.at\/gipfel-der-genuesse\/diogenes-im-grossen-fassl.html#article","isPartOf":{"@id":"https:\/\/www.osttirol-info.at\/gipfel-der-genuesse\/diogenes-im-grossen-fassl.html"},"author":{"name":"studio20four","@id":"https:\/\/www.osttirol-info.at\/de\/#\/schema\/person\/6e878fca9e3642f898a22db426838ec9"},"headline":"Diogenes im gro\u00dfen Fassl","datePublished":"2023-01-12T12:12:32+00:00","dateModified":"2023-09-18T07:04:29+00:00","mainEntityOfPage":{"@id":"https:\/\/www.osttirol-info.at\/gipfel-der-genuesse\/diogenes-im-grossen-fassl.html"},"wordCount":390,"image":{"@id":"https:\/\/www.osttirol-info.at\/gipfel-der-genuesse\/diogenes-im-grossen-fassl.html#primaryimage"},"thumbnailUrl":"https:\/\/www.osttirol-info.at\/wp-content\/uploads\/Diogenes2017-Himmel-neu-1.jpg","keywords":["debant"],"articleSection":["Ausflugsziele","Shopping Tipp","Gipfel der Gen\u00fcsse"],"inLanguage":"de"},{"@type":"WebPage","@id":"https:\/\/www.osttirol-info.at\/de\/gipfel-der-genuesse\/diogenes-im-grossen-fassl.html","url":"https:\/\/www.osttirol-info.at\/de\/gipfel-der-genuesse\/diogenes-im-grossen-fassl.html","name":"Diogenes im gro\u00dfen Fassl - osttirol-info.at","isPartOf":{"@id":"https:\/\/www.osttirol-info.at\/de\/#website"},"primaryImageOfPage":{"@id":"https:\/\/www.osttirol-info.at\/de\/gipfel-der-genuesse\/diogenes-im-grossen-fassl.html#primaryimage"},"image":{"@id":"https:\/\/www.osttirol-info.at\/gipfel-der-genuesse\/diogenes-im-grossen-fassl.html#primaryimage"},"thumbnailUrl":"https:\/\/www.osttirol-info.at\/wp-content\/uploads\/Diogenes2017-Himmel-neu-1.jpg","datePublished":"2023-01-12T12:12:32+00:00","dateModified":"2023-09-18T07:04:29+00:00","author":{"@id":"https:\/\/www.osttirol-info.at\/de\/#\/schema\/person\/6e878fca9e3642f898a22db426838ec9"},"breadcrumb":{"@id":"https:\/\/www.osttirol-info.at\/de\/gipfel-der-genuesse\/diogenes-im-grossen-fassl.html#breadcrumb"},"inLanguage":"de","potentialAction":[{"@type":"ReadAction","target":[["https:\/\/www.osttirol-info.at\/de\/gipfel-der-genuesse\/diogenes-im-grossen-fassl.html"]]}]},{"@type":"ImageObject","inLanguage":"de","@id":"https:\/\/www.osttirol-info.at\/de\/gipfel-der-genuesse\/diogenes-im-grossen-fassl.html#primaryimage","url":"https:\/\/www.osttirol-info.at\/wp-content\/uploads\/Diogenes2017-Himmel-neu-1.jpg","contentUrl":"https:\/\/www.osttirol-info.at\/wp-content\/uploads\/Diogenes2017-Himmel-neu-1.jpg","width":1920,"height":1359},{"@type":"BreadcrumbList","@id":"https:\/\/www.osttirol-info.at\/de\/gipfel-der-genuesse\/diogenes-im-grossen-fassl.html#breadcrumb","itemListElement":[{"@type":"ListItem","position":1,"name":"osttirol-info.at","item":"https:\/\/www.osttirol-info.at\/de\/"},{"@type":"ListItem","position":2,"name":"Gipfel der Gen\u00fcsse","item":"https:\/\/www.osttirol-info.at\/de\/gipfel-der-genuesse"},{"@type":"ListItem","position":3,"name":"Diogenes im gro\u00dfen Fassl"}]},{"@type":"WebSite","@id":"https:\/\/www.osttirol-info.at\/de\/#website","url":"https:\/\/www.osttirol-info.at\/de\/","name":"osttirol-info.at","description":"Die sch\u00f6nsten Seiten Osttirols","potentialAction":[{"@type":"SearchAction","target":{"@type":"EntryPoint","urlTemplate":"https:\/\/www.osttirol-info.at\/de\/?s={search_term_string}"},"query-input":{"@type":"PropertyValueSpecification","valueRequired":true,"valueName":"search_term_string"}}],"inLanguage":"de"},{"@type":"Person","@id":"https:\/\/www.osttirol-info.at\/de\/#\/schema\/person\/6e878fca9e3642f898a22db426838ec9","name":"studio20four","url":"https:\/\/www.osttirol-info.at\/de\/author\/studio20four"}]}},"_links":{"self":[{"href":"https:\/\/www.osttirol-info.at\/de\/wp-json\/wp\/v2\/posts\/5841","targetHints":{"allow":["GET"]}}],"collection":[{"href":"https:\/\/www.osttirol-info.at\/de\/wp-json\/wp\/v2\/posts"}],"about":[{"href":"https:\/\/www.osttirol-info.at\/de\/wp-json\/wp\/v2\/types\/post"}],"author":[{"embeddable":true,"href":"https:\/\/www.osttirol-info.at\/de\/wp-json\/wp\/v2\/users\/2"}],"replies":[{"embeddable":true,"href":"https:\/\/www.osttirol-info.at\/de\/wp-json\/wp\/v2\/comments?post=5841"}],"version-history":[{"count":5,"href":"https:\/\/www.osttirol-info.at\/de\/wp-json\/wp\/v2\/posts\/5841\/revisions"}],"predecessor-version":[{"id":6457,"href":"https:\/\/www.osttirol-info.at\/de\/wp-json\/wp\/v2\/posts\/5841\/revisions\/6457"}],"wp:featuredmedia":[{"embeddable":true,"href":"https:\/\/www.osttirol-info.at\/de\/wp-json\/wp\/v2\/media\/5842"}],"wp:attachment":[{"href":"https:\/\/www.osttirol-info.at\/de\/wp-json\/wp\/v2\/media?parent=5841"}],"wp:term":[{"taxonomy":"category","embeddable":true,"href":"https:\/\/www.osttirol-info.at\/de\/wp-json\/wp\/v2\/categories?post=5841"},{"taxonomy":"post_tag","embeddable":true,"href":"https:\/\/www.osttirol-info.at\/de\/wp-json\/wp\/v2\/tags?post=5841"}],"curies":[{"name":"wp","href":"https:\/\/api.w.org\/{rel}","templated":true}]}}